{"id":51,"date":"2006-06-23T13:58:00","date_gmt":"2006-06-23T11:58:00","guid":{"rendered":"http:\/\/www.danielmathisen.com\/?p=51"},"modified":"2006-06-23T13:58:00","modified_gmt":"2006-06-23T11:58:00","slug":"oppet-som-vanligt-igen","status":"publish","type":"post","link":"https:\/\/www.danielmathisen.com\/?p=51","title":{"rendered":"\u00d6ppet som vanligt igen"},"content":{"rendered":"<p><a onblur=\"try {parent.deselectBloggerImageGracefully();} catch(e) {}\" href=\"http:\/\/www.smudo.org\/blog\/archives\/images\/sommar-02-a04-500.jpg\"><img decoding=\"async\" style=\"margin: 0pt 0pt 10px 10px; float: right; cursor: pointer; width: 320px;\" src=\"http:\/\/www.smudo.org\/blog\/archives\/images\/sommar-02-a04-500.jpg\" alt=\"\" border=\"0\" \/><\/a>D\u00e5 var man tillbaka efter en varm och inneh\u00e5llsrik resa i Europas sydv\u00e4stra h\u00f6rn. V\u00e4lbeh\u00f6vligt, kul och exceptionellt sk\u00f6nt \u00e4r n\u00e5gra ord som dyker upp n\u00e4r jag reflekterar \u00f6ver veckan som varit. Och att vara n\u00e5got, n\u00e5got brunare k\u00e4nns inte helt fel det heller. Shout outs till J&amp;E f\u00f6r en kynnig och trivsam vistelse.<\/p>\n<p>Annars \u00e4r jag l\u00e4tt grinig f\u00f6r att <a href=\"http:\/\/www.nvp.se\/news.asp?newsid=6443\">kd i V\u00e4rmd\u00f6 stoppar bygget av en ny friskola i hamnen<\/a>, trots att partiet egentligen \u00e4r f\u00f6r p\u00e5 principiella grunder. En vild gissning \u00e4r att den av partierna centralt frampiskade lokala alliansen bakbundit kd:s f\u00f6retr\u00e4dare. Trist, inte minst f\u00f6r kidsen.<\/p>\n<p>Men just i dag \u00e4r det faktiskt midsommar och jag avser att tillbringa den ute i en f\u00f6rhoppningsvis solig sk\u00e4rg\u00e5rd i goda v\u00e4nners lag. Hoppas att ni f\u00e5r det lika trevligt.<\/p>\n","protected":false},"excerpt":{"rendered":"<p>D\u00e5 var man tillbaka efter en varm och inneh\u00e5llsrik resa i Europas sydv\u00e4stra h\u00f6rn. V\u00e4lbeh\u00f6vligt, kul och exceptionellt sk\u00f6nt \u00e4r n\u00e5gra ord som dyker upp n\u00e4r jag reflekterar \u00f6ver veckan som varit. Och att vara n\u00e5got, n\u00e5got brunare k\u00e4nns inte helt fel det heller. Shout outs till J&amp;E f\u00f6r en kynnig och trivsam vistelse. Annars \u00e4r jag l\u00e4tt grinig f\u00f6r att kd i V\u00e4rmd\u00f6 stoppar bygget av en ny friskola i hamnen, trots att partiet egentligen \u00e4r f\u00f6r p\u00e5 principiella grunder. En vild gissning \u00e4r att den av partierna centralt frampiskade lokala alliansen bakbundit kd:s f\u00f6retr\u00e4dare. Trist, inte minst f\u00f6r kidsen. Men just i dag \u00e4r det faktiskt midsommar och jag avser att tillbringa den ute i en f\u00f6rhoppningsvis solig sk\u00e4rg\u00e5rd i goda v\u00e4nners lag. Hoppas att ni f\u00e5r det lika trevligt.<\/p>\n","protected":false},"author":1,"featured_media":0,"comment_status":"open","ping_status":"open","sticky":false,"template":"","format":"standard","meta":{"footnotes":""},"categories":[1],"tags":[],"_links":{"self":[{"href":"https:\/\/www.danielmathisen.com\/index.php?rest_route=\/wp\/v2\/posts\/51"}],"collection":[{"href":"https:\/\/www.danielmathisen.com\/index.php?rest_route=\/wp\/v2\/posts"}],"about":[{"href":"https:\/\/www.danielmathisen.com\/index.php?rest_route=\/wp\/v2\/types\/post"}],"author":[{"embeddable":true,"href":"https:\/\/www.danielmathisen.com\/index.php?rest_route=\/wp\/v2\/users\/1"}],"replies":[{"embeddable":true,"href":"https:\/\/www.danielmathisen.com\/index.php?rest_route=%2Fwp%2Fv2%2Fcomments&post=51"}],"version-history":[{"count":0,"href":"https:\/\/www.danielmathisen.com\/index.php?rest_route=\/wp\/v2\/posts\/51\/revisions"}],"wp:attachment":[{"href":"https:\/\/www.danielmathisen.com\/index.php?rest_route=%2Fwp%2Fv2%2Fmedia&parent=51"}],"wp:term":[{"taxonomy":"category","embeddable":true,"href":"https:\/\/www.danielmathisen.com\/index.php?rest_route=%2Fwp%2Fv2%2Fcategories&post=51"},{"taxonomy":"post_tag","embeddable":true,"href":"https:\/\/www.danielmathisen.com\/index.php?rest_route=%2Fwp%2Fv2%2Ftags&post=51"}],"curies":[{"name":"wp","href":"https:\/\/api.w.org\/{rel}","templated":true}]}}