{"id":48,"date":"2006-06-12T14:14:00","date_gmt":"2006-06-12T12:14:00","guid":{"rendered":"http:\/\/www.danielmathisen.com\/?p=48"},"modified":"2006-06-12T14:14:00","modified_gmt":"2006-06-12T12:14:00","slug":"kulturkoftor-pa-barrikaden-for-fildelning","status":"publish","type":"post","link":"https:\/\/www.danielmathisen.com\/?p=48","title":{"rendered":"Kulturkoftor p\u00e5 barrikaden f\u00f6r fildelning"},"content":{"rendered":"<p><a onblur=\"try {parent.deselectBloggerImageGracefully();} catch(e) {}\" href=\"http:\/\/photos1.blogger.com\/blogger\/7933\/2707\/1600\/dnkultur.jpg\"><img decoding=\"async\" style=\"margin: 0pt 0pt 10px 10px; float: right; cursor: pointer;\" src=\"http:\/\/photos1.blogger.com\/blogger\/7933\/2707\/320\/dnkultur.jpg\" alt=\"\" border=\"0\" \/><\/a>De senaste \u00e5rens onyanserade och i h\u00f6g grad skr\u00e4mmande h\u00f6gerpolitisering av <a href=\"http:\/\/www.dn.se\">Dagens nyheter<\/a> har knappast undg\u00e5tt n\u00e5gon. P\u00e5 punkt efter punkt har god journalistisk sed och det kritiska \u00f6gats granskning och analys f\u00e5tt ge vika f\u00f6r plakatrubriker f\u00f6r h\u00f6gerg\u00e4nget. Vem minns inte rapporteringen om Irakkriget eller f\u00f6r all del; hetsjakten mot socialdemokratin. Varhelst man bl\u00e4ddrade i den stramt designade tidningen tycktes bombliberalismen flamma upp. Ett tag s\u00e5g det ocks\u00e5 ut som att den helsk\u00f6na och legendariska kulturredaktionen skulle \u00e4tas upp av \u00e4gardirektiv och annat jox. Men lyckligtvis inte.<\/p>\n<p><a href=\"http:\/\/www.dn.se\/DNet\/jsp\/polopoly.jsp?d=1058&#038;a=551859&amp;previousRenderType=2\">P\u00e5 dagens kulturdebatt<\/a> skriver exempelvis Jacob Ehnmark klarsynt om regeringens h\u00e5llning i fildelningsfr\u00e5gan i relation till fr\u00e5gan om spridningen av olika kulturella v\u00e4rlden. En klockren slutsats &#8211; som jag ocks\u00e5 delar &#8211; \u00e4r att tillslagen mot <a href=\"http:\/\/www.thepiratebay.org\">TPB<\/a> knappast gynnar ok\u00e4nda konstn\u00e4rer, \u00e4n mindre kultur mer generellt. Tv\u00e4rtom. I st\u00e4llet blir striktare lagar och razzior ett s\u00e4tt att krampaktigt bevara en alltmer f\u00f6r\u00e5ldrad medial och kulturell struktur. Stora f\u00f6retag inom skiv- och filmindustrin g\u00f6r givetvis allt f\u00f6r att skydda redan etablerad infrastruktur. F\u00f6r det \u00e4r ju d\u00e4r cashen finns och s\u00e5 l\u00e4nge degen rullar in ger de blaffen i att satsa p\u00e5 spetsteknologi.<\/p>\n<p>Som det \u00e4r nu st\u00e5r Regering och Riksdag p\u00e5 de alltmer reaktion\u00e4ra kolossf\u00f6retagens sida och bidrar d\u00e4rmed till en allt tunnare kulturell kvalitet. P\u00e5 kort sikt drabbar det enskilda personer och d\u00e5 i synnerhet ungdomar. Men in the long run riskerar det ocks\u00e5 att undergr\u00e4va sj\u00e4lva f\u00f6rtroendet f\u00f6r kulturpolitikens f\u00f6rm\u00e5ga och kraft. Kan inte en socialdemokratisk regering b\u00e4ttre \u00e4n s\u00e5?<\/p>\n<p><span style=\"font-size:78%;\">Andra bloggar om: <a href=\"http:\/\/bloggar.se\/om\/fildelning\" rel=\"tag\">fildelning<\/a>, <a href=\"http:\/\/bloggar.se\/om\/kultur\" rel=\"tag\">kultur<\/a>, <a href=\"http:\/\/bloggar.se\/om\/media\" rel=\"tag\">media<\/a>, <a href=\"http:\/\/bloggar.se\/om\/pirater\" rel=\"tag\">pirater<\/a>, <a href=\"http:\/\/bloggar.se\/om\/upphovsr%E4tt\" rel=\"tag\">upphovsr\u00e4tt<\/a>, <a href=\"http:\/\/bloggar.se\/om\/dn\" rel=\"tag\">dn<\/a>, <a href=\"http:\/\/bloggar.se\/om\/regeringen\" rel=\"tag\">regeringen<\/a>, <a href=\"http:\/\/bloggar.se\/om\/riksdagen\" rel=\"tag\">riksdagen<\/a><\/span><\/p>\n","protected":false},"excerpt":{"rendered":"<p>De senaste \u00e5rens onyanserade och i h\u00f6g grad skr\u00e4mmande h\u00f6gerpolitisering av Dagens nyheter har knappast undg\u00e5tt n\u00e5gon. P\u00e5 punkt efter punkt har god journalistisk sed och det kritiska \u00f6gats granskning och analys f\u00e5tt ge vika f\u00f6r plakatrubriker f\u00f6r h\u00f6gerg\u00e4nget. Vem minns inte rapporteringen om Irakkriget eller f\u00f6r all del; hetsjakten mot socialdemokratin. Varhelst man bl\u00e4ddrade i den stramt designade tidningen tycktes bombliberalismen flamma upp. Ett tag s\u00e5g det ocks\u00e5 ut som att den helsk\u00f6na och legendariska kulturredaktionen skulle \u00e4tas upp av \u00e4gardirektiv och annat jox. Men lyckligtvis inte. P\u00e5 dagens kulturdebatt skriver exempelvis Jacob Ehnmark klarsynt om regeringens h\u00e5llning i fildelningsfr\u00e5gan i relation till fr\u00e5gan om spridningen av olika kulturella v\u00e4rlden. En klockren slutsats &#8211; som jag ocks\u00e5 delar &#8211; \u00e4r att tillslagen mot TPB knappast gynnar ok\u00e4nda konstn\u00e4rer, \u00e4n mindre kultur mer generellt. Tv\u00e4rtom. I st\u00e4llet blir striktare lagar och razzior ett s\u00e4tt att krampaktigt bevara en alltmer f\u00f6r\u00e5ldrad&hellip;<\/p>\n<p> <a class=\"more-link\" href=\"https:\/\/www.danielmathisen.com\/?p=48\">Read more<\/a><\/p>\n","protected":false},"author":1,"featured_media":0,"comment_status":"open","ping_status":"open","sticky":false,"template":"","format":"standard","meta":{"footnotes":""},"categories":[1],"tags":[],"_links":{"self":[{"href":"https:\/\/www.danielmathisen.com\/index.php?rest_route=\/wp\/v2\/posts\/48"}],"collection":[{"href":"https:\/\/www.danielmathisen.com\/index.php?rest_route=\/wp\/v2\/posts"}],"about":[{"href":"https:\/\/www.danielmathisen.com\/index.php?rest_route=\/wp\/v2\/types\/post"}],"author":[{"embeddable":true,"href":"https:\/\/www.danielmathisen.com\/index.php?rest_route=\/wp\/v2\/users\/1"}],"replies":[{"embeddable":true,"href":"https:\/\/www.danielmathisen.com\/index.php?rest_route=%2Fwp%2Fv2%2Fcomments&post=48"}],"version-history":[{"count":0,"href":"https:\/\/www.danielmathisen.com\/index.php?rest_route=\/wp\/v2\/posts\/48\/revisions"}],"wp:attachment":[{"href":"https:\/\/www.danielmathisen.com\/index.php?rest_route=%2Fwp%2Fv2%2Fmedia&parent=48"}],"wp:term":[{"taxonomy":"category","embeddable":true,"href":"https:\/\/www.danielmathisen.com\/index.php?rest_route=%2Fwp%2Fv2%2Fcategories&post=48"},{"taxonomy":"post_tag","embeddable":true,"href":"https:\/\/www.danielmathisen.com\/index.php?rest_route=%2Fwp%2Fv2%2Ftags&post=48"}],"curies":[{"name":"wp","href":"https:\/\/api.w.org\/{rel}","templated":true}]}}