{"id":43,"date":"2006-06-06T10:58:00","date_gmt":"2006-06-06T08:58:00","guid":{"rendered":"http:\/\/www.danielmathisen.com\/?p=43"},"modified":"2006-06-06T10:58:00","modified_gmt":"2006-06-06T08:58:00","slug":"en-lagom-nationaldag","status":"publish","type":"post","link":"https:\/\/www.danielmathisen.com\/?p=43","title":{"rendered":"En lagom nationaldag"},"content":{"rendered":"<p><a onblur=\"try {parent.deselectBloggerImageGracefully();} catch(e) {}\" href=\"http:\/\/static.tv4.se\/imagesdb\/editor\/tv4noje\/6E449707-8930-45F7-98BD-05B8300BB58E.jpg\"><img decoding=\"async\" style=\"margin: 0pt 0pt 10px 10px; float: right; cursor: pointer; width: 130px; height: 132px;\" src=\"http:\/\/static.tv4.se\/imagesdb\/editor\/tv4noje\/6E449707-8930-45F7-98BD-05B8300BB58E.jpg\" alt=\"\" border=\"0\" \/><\/a>Ack denna vind som omintetg\u00f6r solens tappra f\u00f6rs\u00f6k till v\u00e4rme och sommar. Parkh\u00e4ng blir bara bl\u00e5sigt och osoft samtidigt som allt bara k\u00e4nns mer april \u00e4n juni. Ig\u00e5r var tanken sommarljum kv\u00e4ll i Tanto men blev i st\u00e4llet rumstempererad kv\u00e4ll i l\u00e4genhet, om \u00e4n en trivsam s\u00e5dan. Stort tack till den gode F f\u00f6r g\u00e4stv\u00e4nligheten.<\/p>\n<p><a onblur=\"try {parent.deselectBloggerImageGracefully();} catch(e) {}\" href=\"http:\/\/photos1.blogger.com\/blogger\/7933\/2707\/1600\/Untitled-2.jpg\"><img decoding=\"async\" style=\"margin: 0pt 0pt 10px 10px; float: right; cursor: pointer; width: 136px; height: 204px;\" src=\"http:\/\/photos1.blogger.com\/blogger\/7933\/2707\/320\/Untitled-2.jpg\" alt=\"\" border=\"0\" \/><\/a>Det ryktas f\u00f6rresten att det \u00e4r nationens h\u00f6gtidsdag i dag, allas (?) v\u00e5r nationaldag. Ska jag vara helt frank s\u00e5 k\u00e4nner jag mig inte helt \u00f6verpeppad, \u00e4ven om <a href=\"http:\/\/www.sverigeparaden.se\">Sverigeparaden<\/a> k\u00e4nns genomt\u00e4nkt och gott. Redan nu &#8211; innan klockan slagit 11 &#8211; har jag hunnit med en r\u00e4tt s\u00e5 stor inlinesburen sv\u00e4ng i s\u00f6derort till ljudet av b\u00e5de Ritter och Wallace. Grym tr\u00e4ning och grymt kul. Under tiden funderade jag en smula p\u00e5 hur saker och ting ligger till. Tex: vad h\u00e4nde med pezgodiset?; vad \u00e4r grejen med ostbricka?; hur t\u00e4nkte centern med &#8220;Det h\u00e4r \u00e4r Lennart&#8221;-k\u00f6ret?.<\/p>\n<p>Helt aprop\u00e5 ingenting s\u00e5 \u00e4r <a href=\"http:\/\/www.nytimes.com\/2006\/06\/06\/washington\/06elect.html?hp&#038;ex=1149652800&amp;amp;amp;en=23c31995782c68f5&#038;ei=5094&amp;partner=homepage\">det h\u00e4r<\/a> en signal om att det g\u00e5r \u00e5t r\u00e4tt h\u00e5ll p\u00e5 andra sidan Atlanten:<\/p>\n<blockquote><p>If this early pattern holds, it could undercut Republican efforts to prevent this election from becoming a national referendum on Mr. Bush and Republican policies.<\/p><\/blockquote>\n<p><span style=\"font-size:78%;\">Andra bloggar om: <a href=\"http:\/\/bloggar.se\/om\/politik\" rel=\"tag\">politik<\/a>, <a href=\"http:\/\/bloggar.se\/om\/inlines\" rel=\"tag\">inlines<\/a>, <a href=\"http:\/\/bloggar.se\/om\/pez\" rel=\"tag\">pez<\/a>, <a href=\"http:\/\/bloggar.se\/om\/nationaldag\" rel=\"tag\">nationaldag<\/a>, <a href=\"http:\/\/bloggar.se\/om\/centerpartiet\" rel=\"tag\">centerpartiet<\/a><\/span><\/p>\n","protected":false},"excerpt":{"rendered":"<p>Ack denna vind som omintetg\u00f6r solens tappra f\u00f6rs\u00f6k till v\u00e4rme och sommar. Parkh\u00e4ng blir bara bl\u00e5sigt och osoft samtidigt som allt bara k\u00e4nns mer april \u00e4n juni. Ig\u00e5r var tanken sommarljum kv\u00e4ll i Tanto men blev i st\u00e4llet rumstempererad kv\u00e4ll i l\u00e4genhet, om \u00e4n en trivsam s\u00e5dan. Stort tack till den gode F f\u00f6r g\u00e4stv\u00e4nligheten. Det ryktas f\u00f6rresten att det \u00e4r nationens h\u00f6gtidsdag i dag, allas (?) v\u00e5r nationaldag. Ska jag vara helt frank s\u00e5 k\u00e4nner jag mig inte helt \u00f6verpeppad, \u00e4ven om Sverigeparaden k\u00e4nns genomt\u00e4nkt och gott. Redan nu &#8211; innan klockan slagit 11 &#8211; har jag hunnit med en r\u00e4tt s\u00e5 stor inlinesburen sv\u00e4ng i s\u00f6derort till ljudet av b\u00e5de Ritter och Wallace. Grym tr\u00e4ning och grymt kul. Under tiden funderade jag en smula p\u00e5 hur saker och ting ligger till. Tex: vad h\u00e4nde med pezgodiset?; vad \u00e4r grejen med ostbricka?; hur t\u00e4nkte centern med &#8220;Det h\u00e4r \u00e4r&hellip;<\/p>\n<p> <a class=\"more-link\" href=\"https:\/\/www.danielmathisen.com\/?p=43\">Read more<\/a><\/p>\n","protected":false},"author":1,"featured_media":0,"comment_status":"open","ping_status":"open","sticky":false,"template":"","format":"standard","meta":{"footnotes":""},"categories":[1],"tags":[],"_links":{"self":[{"href":"https:\/\/www.danielmathisen.com\/index.php?rest_route=\/wp\/v2\/posts\/43"}],"collection":[{"href":"https:\/\/www.danielmathisen.com\/index.php?rest_route=\/wp\/v2\/posts"}],"about":[{"href":"https:\/\/www.danielmathisen.com\/index.php?rest_route=\/wp\/v2\/types\/post"}],"author":[{"embeddable":true,"href":"https:\/\/www.danielmathisen.com\/index.php?rest_route=\/wp\/v2\/users\/1"}],"replies":[{"embeddable":true,"href":"https:\/\/www.danielmathisen.com\/index.php?rest_route=%2Fwp%2Fv2%2Fcomments&post=43"}],"version-history":[{"count":0,"href":"https:\/\/www.danielmathisen.com\/index.php?rest_route=\/wp\/v2\/posts\/43\/revisions"}],"wp:attachment":[{"href":"https:\/\/www.danielmathisen.com\/index.php?rest_route=%2Fwp%2Fv2%2Fmedia&parent=43"}],"wp:term":[{"taxonomy":"category","embeddable":true,"href":"https:\/\/www.danielmathisen.com\/index.php?rest_route=%2Fwp%2Fv2%2Fcategories&post=43"},{"taxonomy":"post_tag","embeddable":true,"href":"https:\/\/www.danielmathisen.com\/index.php?rest_route=%2Fwp%2Fv2%2Ftags&post=43"}],"curies":[{"name":"wp","href":"https:\/\/api.w.org\/{rel}","templated":true}]}}