{"id":42,"date":"2006-06-04T20:39:00","date_gmt":"2006-06-04T18:39:00","guid":{"rendered":"http:\/\/www.danielmathisen.com\/?p=42"},"modified":"2006-06-04T20:39:00","modified_gmt":"2006-06-04T18:39:00","slug":"highlife-i-hooden","status":"publish","type":"post","link":"https:\/\/www.danielmathisen.com\/?p=42","title":{"rendered":"Highlife i hooden"},"content":{"rendered":"<p><a onblur=\"try {parent.deselectBloggerImageGracefully();} catch(e) {}\" href=\"http:\/\/photos1.blogger.com\/blogger\/7933\/2707\/1600\/bild.jpg\"><img decoding=\"async\" style=\"margin: 0pt 0pt 10px 10px; float: right; cursor: pointer;\" src=\"http:\/\/photos1.blogger.com\/blogger\/7933\/2707\/320\/bild.jpg\" alt=\"\" border=\"0\" \/><\/a>Om jag sa att jag inte har angst f\u00f6r att bloggen inte uppdaterats p\u00e5 n\u00e5gra dar s\u00e5 skulle jag fetljuga. Utan att \u00f6verdriva kan jag s\u00e4ga att konceptet blivit lite neglected den senaste tiden. Min ambition att den trista trenden nu ska brytas.<\/p>\n<p>B\u00e5de ig\u00e5r och i dag har jag varit p\u00e5 den helsk\u00f6na <a href=\"http:\/\/www.hoodsfred.se\">Hoodsfredsfestivalen<\/a> i Alby. Massor av m\u00e4nniskor i alla \u00e5ldrar, exceptionell musik och imponerande arrang\u00f6rer g\u00f6r arrangemanget till en veritabel succ\u00e9. Reaktionerna fr\u00e5n de jag snackat med har uteslutande varit positiva och jag \u00e4r helt \u00f6vertygad om att b\u00e5de en och annan f\u00e5tt nya perspektiv p\u00e5 f\u00f6rorten. Hur kul som helst. P\u00e5 plats i Alby har ocks\u00e5 <a href=\"http:\/\/www.lenet.ssu.se\">SSU-distriktet<\/a> kampanjat och diskuterat med intresserade och engagerade ungdomar fr\u00e5n och utanf\u00f6r Botkyrka. Och visst finns det ett enormt st\u00f6d f\u00f6r v\u00e5r politik. Trycket vid v\u00e5rt t\u00e4lt tycks dessutom aldrig sina och m\u00e5nga \u00e4r heltaggade p\u00e5 att slita under valr\u00f6relsen. Vid moderaterna &#8211; d\u00e4r det mest huserade medel\u00e5lders m\u00e4n &#8211; var det d\u00e4remot glesare. Att vi var p\u00e5 hemmaplan r\u00e5dde det ingen som helst tvekan om.<\/p>\n<p>F\u00f6rutom marshmallowsgrillande och dialog med ungdomar p\u00e5 festivalomr\u00e5det deltog jag ocks\u00e5 i en politisk debatt med representanter fr\u00e5n de andra politiska partierna. Hade \u00f6nskat att fler hade lyssnat, men de som var d\u00e4r verkade helt klart intresserade. F\u00f6rs\u00f6kte f\u00f6r egen del lyfta fram ungas utanf\u00f6rskap och den strukturella diskriminering som finns i regionen. H\u00f6gern l\u00e4ngtade i st\u00e4llet efter h\u00e5rdare straff och tuffare brottsbek\u00e4mpning. En sak \u00e4r s\u00e4ker: moddarna har ingenting i f\u00f6rorten att g\u00f6ra.<\/p>\n<p><span style=\"font-size:78%;\">Andra bloggar om: <a href=\"http:\/\/bloggar.se\/om\/hoodsfred\" rel=\"tag\">hoodsfred<\/a>, <a href=\"http:\/\/bloggar.se\/om\/politik\" rel=\"tag\">politik<\/a>, <a href=\"http:\/\/bloggar.se\/om\/alby\" rel=\"tag\">alby<\/a>, <a href=\"http:\/\/bloggar.se\/om\/ssu\" rel=\"tag\">ssu<\/a>, <a href=\"http:\/\/bloggar.se\/om\/politik\" rel=\"tag\">politik<\/a>, <a href=\"http:\/\/bloggar.se\/om\/kultur\" rel=\"tag\">kultur<\/a>, <a href=\"http:\/\/bloggar.se\/om\/festival\" rel=\"tag\">festival<\/a>, <a href=\"http:\/\/bloggar.se\/om\/musik\" rel=\"tag\">musik<\/a><\/span><\/p>\n","protected":false},"excerpt":{"rendered":"<p>Om jag sa att jag inte har angst f\u00f6r att bloggen inte uppdaterats p\u00e5 n\u00e5gra dar s\u00e5 skulle jag fetljuga. Utan att \u00f6verdriva kan jag s\u00e4ga att konceptet blivit lite neglected den senaste tiden. Min ambition att den trista trenden nu ska brytas. B\u00e5de ig\u00e5r och i dag har jag varit p\u00e5 den helsk\u00f6na Hoodsfredsfestivalen i Alby. Massor av m\u00e4nniskor i alla \u00e5ldrar, exceptionell musik och imponerande arrang\u00f6rer g\u00f6r arrangemanget till en veritabel succ\u00e9. Reaktionerna fr\u00e5n de jag snackat med har uteslutande varit positiva och jag \u00e4r helt \u00f6vertygad om att b\u00e5de en och annan f\u00e5tt nya perspektiv p\u00e5 f\u00f6rorten. Hur kul som helst. P\u00e5 plats i Alby har ocks\u00e5 SSU-distriktet kampanjat och diskuterat med intresserade och engagerade ungdomar fr\u00e5n och utanf\u00f6r Botkyrka. Och visst finns det ett enormt st\u00f6d f\u00f6r v\u00e5r politik. Trycket vid v\u00e5rt t\u00e4lt tycks dessutom aldrig sina och m\u00e5nga \u00e4r heltaggade p\u00e5 att slita under valr\u00f6relsen.&hellip;<\/p>\n<p> <a class=\"more-link\" href=\"https:\/\/www.danielmathisen.com\/?p=42\">Read more<\/a><\/p>\n","protected":false},"author":1,"featured_media":0,"comment_status":"open","ping_status":"open","sticky":false,"template":"","format":"standard","meta":{"footnotes":""},"categories":[1],"tags":[],"_links":{"self":[{"href":"https:\/\/www.danielmathisen.com\/index.php?rest_route=\/wp\/v2\/posts\/42"}],"collection":[{"href":"https:\/\/www.danielmathisen.com\/index.php?rest_route=\/wp\/v2\/posts"}],"about":[{"href":"https:\/\/www.danielmathisen.com\/index.php?rest_route=\/wp\/v2\/types\/post"}],"author":[{"embeddable":true,"href":"https:\/\/www.danielmathisen.com\/index.php?rest_route=\/wp\/v2\/users\/1"}],"replies":[{"embeddable":true,"href":"https:\/\/www.danielmathisen.com\/index.php?rest_route=%2Fwp%2Fv2%2Fcomments&post=42"}],"version-history":[{"count":0,"href":"https:\/\/www.danielmathisen.com\/index.php?rest_route=\/wp\/v2\/posts\/42\/revisions"}],"wp:attachment":[{"href":"https:\/\/www.danielmathisen.com\/index.php?rest_route=%2Fwp%2Fv2%2Fmedia&parent=42"}],"wp:term":[{"taxonomy":"category","embeddable":true,"href":"https:\/\/www.danielmathisen.com\/index.php?rest_route=%2Fwp%2Fv2%2Fcategories&post=42"},{"taxonomy":"post_tag","embeddable":true,"href":"https:\/\/www.danielmathisen.com\/index.php?rest_route=%2Fwp%2Fv2%2Ftags&post=42"}],"curies":[{"name":"wp","href":"https:\/\/api.w.org\/{rel}","templated":true}]}}