{"id":41,"date":"2006-06-01T11:42:00","date_gmt":"2006-06-01T09:42:00","guid":{"rendered":"http:\/\/www.danielmathisen.com\/?p=41"},"modified":"2006-06-01T11:42:00","modified_gmt":"2006-06-01T09:42:00","slug":"tidsnod","status":"publish","type":"post","link":"https:\/\/www.danielmathisen.com\/?p=41","title":{"rendered":"Tidsn\u00f6d"},"content":{"rendered":"<p><a onblur=\"try {parent.deselectBloggerImageGracefully();} catch(e) {}\" href=\"http:\/\/sommarjobb.ams.se\/_resources\/images\/klocka.jpg\"><img decoding=\"async\" style=\"margin: 0pt 0pt 10px 10px; float: right; cursor: pointer; width: 210px; height: 152px;\" src=\"http:\/\/sommarjobb.ams.se\/_resources\/images\/klocka.jpg\" alt=\"\" border=\"0\" \/><\/a>Vill skriva, men hinner inte. Har en hel uppsj\u00f6 med sk\u00f6na saker som jag vill ventilera och s\u00e5 kommer hela tidsgrejen och stoppar det. Trist. Hinner d\u00e4remot skriva att jag blev intervjuad av <a href=\"http:\/\/www.nvp.se\">Nacka-V\u00e4rmd\u00f6 Posten<\/a> i dag f\u00f6r att jag tydligen \u00e4r ung och engagerad. Nu kryllar ju inte V\u00e4rmd\u00f6 direkt av politiskt aktiva ungdomar s\u00e5 konkurrensen \u00e4r knappast stenh\u00e5rd. I alla fall kul att bli intervjuad. Lovar att visa en liten glimpse av resultatet s\u00e5 fort det finns att tillg\u00e5.<\/p>\n<p><a href=\"http:\/\/www.svd.se\/dynamiskt\/inrikes\/did_12812953.asp\">Rolig men ot\u00e4ck l\u00e4nk<\/a>. Hur g\u00e5r det till? Vem ligger bakom? Och framf\u00f6r allt: vad blir konsekvenserna?<\/p>\n","protected":false},"excerpt":{"rendered":"<p>Vill skriva, men hinner inte. Har en hel uppsj\u00f6 med sk\u00f6na saker som jag vill ventilera och s\u00e5 kommer hela tidsgrejen och stoppar det. Trist. Hinner d\u00e4remot skriva att jag blev intervjuad av Nacka-V\u00e4rmd\u00f6 Posten i dag f\u00f6r att jag tydligen \u00e4r ung och engagerad. Nu kryllar ju inte V\u00e4rmd\u00f6 direkt av politiskt aktiva ungdomar s\u00e5 konkurrensen \u00e4r knappast stenh\u00e5rd. I alla fall kul att bli intervjuad. Lovar att visa en liten glimpse av resultatet s\u00e5 fort det finns att tillg\u00e5. Rolig men ot\u00e4ck l\u00e4nk. Hur g\u00e5r det till? Vem ligger bakom? Och framf\u00f6r allt: vad blir konsekvenserna?<\/p>\n","protected":false},"author":1,"featured_media":0,"comment_status":"open","ping_status":"open","sticky":false,"template":"","format":"standard","meta":{"footnotes":""},"categories":[1],"tags":[],"_links":{"self":[{"href":"https:\/\/www.danielmathisen.com\/index.php?rest_route=\/wp\/v2\/posts\/41"}],"collection":[{"href":"https:\/\/www.danielmathisen.com\/index.php?rest_route=\/wp\/v2\/posts"}],"about":[{"href":"https:\/\/www.danielmathisen.com\/index.php?rest_route=\/wp\/v2\/types\/post"}],"author":[{"embeddable":true,"href":"https:\/\/www.danielmathisen.com\/index.php?rest_route=\/wp\/v2\/users\/1"}],"replies":[{"embeddable":true,"href":"https:\/\/www.danielmathisen.com\/index.php?rest_route=%2Fwp%2Fv2%2Fcomments&post=41"}],"version-history":[{"count":0,"href":"https:\/\/www.danielmathisen.com\/index.php?rest_route=\/wp\/v2\/posts\/41\/revisions"}],"wp:attachment":[{"href":"https:\/\/www.danielmathisen.com\/index.php?rest_route=%2Fwp%2Fv2%2Fmedia&parent=41"}],"wp:term":[{"taxonomy":"category","embeddable":true,"href":"https:\/\/www.danielmathisen.com\/index.php?rest_route=%2Fwp%2Fv2%2Fcategories&post=41"},{"taxonomy":"post_tag","embeddable":true,"href":"https:\/\/www.danielmathisen.com\/index.php?rest_route=%2Fwp%2Fv2%2Ftags&post=41"}],"curies":[{"name":"wp","href":"https:\/\/api.w.org\/{rel}","templated":true}]}}