{"id":32,"date":"2006-05-22T18:37:00","date_gmt":"2006-05-22T16:37:00","guid":{"rendered":"http:\/\/www.danielmathisen.com\/?p=32"},"modified":"2006-05-22T18:37:00","modified_gmt":"2006-05-22T16:37:00","slug":"stangda-granser-kostar-liv-och-drommar","status":"publish","type":"post","link":"https:\/\/www.danielmathisen.com\/?p=32","title":{"rendered":"St\u00e4ngda gr\u00e4nser kostar liv och dr\u00f6mmar"},"content":{"rendered":"<p><a onblur=\"try {parent.deselectBloggerImageGracefully();} catch(e) {}\" href=\"http:\/\/www.svd.se\/images\/ettan2006\/060518\/bat.jpg\"><img decoding=\"async\" style=\"margin: 0pt 0pt 10px 10px; float: right; cursor: pointer; width: 190px; height: 233px;\" src=\"http:\/\/www.svd.se\/images\/ettan2006\/060518\/bat.jpg\" alt=\"\" border=\"0\" \/><\/a><span style=\"font-style: italic;\" class=\"introtext\">Av Sveriges 290 kommuner har ca 166 g\u00e4llande \u00f6verenskommelser med Integrationsverket i b\u00f6rjan av \u00e5r 2006.<br \/><\/span><br \/>Ovanst\u00e5ende mening \u00e4r det f\u00f6rsta som m\u00f6ter bes\u00f6karen av sidan <a href=\"http:\/\/www.integrationsverket.se\/Tpl\/NormalPage____2863.aspx\">&#8220;Kommuner &amp; flyktingmottagande&#8221;<\/a> p\u00e5 integrationsverkets hemsida. Med andra ord \u00e4r det bara strax \u00f6ver h\u00e4lften av Sveriges kommuner som tar ansvar f\u00f6r att m\u00e4nniskor som flytt fruktansv\u00e4rda erfarenheter l\u00e5ngt borta fr\u00e5n mellanmj\u00f6lk och f\u00f6rsenade pendelt\u00e5g. F\u00f6r egen del kan jag \u00f6verhuvudtaget inte finna n\u00e5gra gedigna sk\u00e4l till att st\u00e4nga d\u00f6rren i ansiktet p\u00e5 m\u00e4nniskor i akut behov av skydd och st\u00f6d. Tv\u00e4rtom \u00e4r det en skandal av stora m\u00e5tt m\u00e4tt. Lite som att s\u00e4tta upp en ny skylt vid kommungr\u00e4nsen med texten &#8220;Flyktingar, nej tack!&#8221;. Sj\u00e4lvklart tar m\u00e5nga kommuner &#8211; inte minst i Stockholmsregionen &#8211; ett gott och sk\u00e4ligt ansvar. Boven i dramat \u00e4r dock de kommuner som av mindre smickrande anledningar avb\u00f6jer. Hur kan man leva med det?<\/p>\n<p>Samma principer g\u00e5r ocks\u00e5 att till\u00e4mpa i en europeisk kontext. Varje \u00e5r kommer exempelvis nya flyktingstr\u00f6mmar med <a href=\"http:\/\/web.amnesty.org\/pages\/esp-200605-action-eng\">tusentals m\u00e4nniskor till Spanien och Kanarie\u00f6arna<\/a>. M\u00e4nniskor som l\u00e4mnat hemlandet och <a href=\"http:\/\/service.spiegel.de\/cache\/international\/spiegel\/0,1518,416440,00.html\">riskerar allt<\/a> f\u00f6r att skapa ett b\u00e4ttre liv i Europa. Men \u00e4ven h\u00e4r v\u00e4ljer \u00e5tskilliga l\u00e4nder att byta bort tolerans mot tajtare gr\u00e4nser och h\u00e5rdare bevakning och kontroll. Varje g\u00e5ng en konflikt flammar upp i n\u00e5got av v\u00e4rldens h\u00f6rn spills m\u00e4nniskors liv, ofta utan respons fr\u00e5n stora delar av omv\u00e4rlden. Att den nationella f\u00f6rbannelsen tycks viktigare \u00e4n medm\u00e4nniskors liv \u00e4r b\u00e5de skamligt och of\u00f6rsvarligt. Politiken beh\u00f6vs h\u00e4r mer \u00e4n n\u00e5gonsin. Till exempel skulle EU beh\u00f6va utrustas med en gemensam asyl- och flyktingpolitik med tydliga miniminiv\u00e5er f\u00f6r flyktingmottagande. F\u00f6rst d\u00e5 skulle humanismens principer ges politiska muskler f\u00f6r att komma fr\u00e5n gr\u00e4nsernas d\u00f6dliga logik.<br \/><span style=\"font-size:78%;\"><br \/>Andra bloggar om: <a href=\"http:\/\/bloggar.se\/om\/politik\" rel=\"tag\">politik<\/a>, <a href=\"http:\/\/bloggar.se\/om\/flyktingar\" rel=\"tag\">flyktingar<\/a>, <a href=\"http:\/\/bloggar.se\/om\/socialdemokraterna\" rel=\"tag\">socialdemokraterna<\/a>, <a href=\"http:\/\/bloggar.se\/om\/eu\" rel=\"tag\">eu<\/a><\/span><\/p>\n","protected":false},"excerpt":{"rendered":"<p>Av Sveriges 290 kommuner har ca 166 g\u00e4llande \u00f6verenskommelser med Integrationsverket i b\u00f6rjan av \u00e5r 2006.Ovanst\u00e5ende mening \u00e4r det f\u00f6rsta som m\u00f6ter bes\u00f6karen av sidan &#8220;Kommuner &amp; flyktingmottagande&#8221; p\u00e5 integrationsverkets hemsida. Med andra ord \u00e4r det bara strax \u00f6ver h\u00e4lften av Sveriges kommuner som tar ansvar f\u00f6r att m\u00e4nniskor som flytt fruktansv\u00e4rda erfarenheter l\u00e5ngt borta fr\u00e5n mellanmj\u00f6lk och f\u00f6rsenade pendelt\u00e5g. F\u00f6r egen del kan jag \u00f6verhuvudtaget inte finna n\u00e5gra gedigna sk\u00e4l till att st\u00e4nga d\u00f6rren i ansiktet p\u00e5 m\u00e4nniskor i akut behov av skydd och st\u00f6d. Tv\u00e4rtom \u00e4r det en skandal av stora m\u00e5tt m\u00e4tt. Lite som att s\u00e4tta upp en ny skylt vid kommungr\u00e4nsen med texten &#8220;Flyktingar, nej tack!&#8221;. Sj\u00e4lvklart tar m\u00e5nga kommuner &#8211; inte minst i Stockholmsregionen &#8211; ett gott och sk\u00e4ligt ansvar. Boven i dramat \u00e4r dock de kommuner som av mindre smickrande anledningar avb\u00f6jer. Hur kan man leva med det? Samma principer g\u00e5r ocks\u00e5 att till\u00e4mpa&hellip;<\/p>\n<p> <a class=\"more-link\" href=\"https:\/\/www.danielmathisen.com\/?p=32\">Read more<\/a><\/p>\n","protected":false},"author":1,"featured_media":0,"comment_status":"open","ping_status":"open","sticky":false,"template":"","format":"standard","meta":{"footnotes":""},"categories":[1],"tags":[],"_links":{"self":[{"href":"https:\/\/www.danielmathisen.com\/index.php?rest_route=\/wp\/v2\/posts\/32"}],"collection":[{"href":"https:\/\/www.danielmathisen.com\/index.php?rest_route=\/wp\/v2\/posts"}],"about":[{"href":"https:\/\/www.danielmathisen.com\/index.php?rest_route=\/wp\/v2\/types\/post"}],"author":[{"embeddable":true,"href":"https:\/\/www.danielmathisen.com\/index.php?rest_route=\/wp\/v2\/users\/1"}],"replies":[{"embeddable":true,"href":"https:\/\/www.danielmathisen.com\/index.php?rest_route=%2Fwp%2Fv2%2Fcomments&post=32"}],"version-history":[{"count":0,"href":"https:\/\/www.danielmathisen.com\/index.php?rest_route=\/wp\/v2\/posts\/32\/revisions"}],"wp:attachment":[{"href":"https:\/\/www.danielmathisen.com\/index.php?rest_route=%2Fwp%2Fv2%2Fmedia&parent=32"}],"wp:term":[{"taxonomy":"category","embeddable":true,"href":"https:\/\/www.danielmathisen.com\/index.php?rest_route=%2Fwp%2Fv2%2Fcategories&post=32"},{"taxonomy":"post_tag","embeddable":true,"href":"https:\/\/www.danielmathisen.com\/index.php?rest_route=%2Fwp%2Fv2%2Ftags&post=32"}],"curies":[{"name":"wp","href":"https:\/\/api.w.org\/{rel}","templated":true}]}}