{"id":14,"date":"2006-04-29T16:08:00","date_gmt":"2006-04-29T14:08:00","guid":{"rendered":"http:\/\/www.danielmathisen.com\/?p=14"},"modified":"2006-04-29T16:08:00","modified_gmt":"2006-04-29T14:08:00","slug":"garna-graffiti-men-forst-en-rejal-klotterbekampning","status":"publish","type":"post","link":"https:\/\/www.danielmathisen.com\/?p=14","title":{"rendered":"G\u00e4rna graffiti, men f\u00f6rst en rej\u00e4l klotterbek\u00e4mpning"},"content":{"rendered":"<p><a onblur=\"try {parent.deselectBloggerImageGracefully();} catch(e) {}\" href=\"http:\/\/www.gd.se\/uploaded\/image\/2005\/2\/24\/D=d_polis.jpg\"><img decoding=\"async\" style=\"margin: 0pt 0pt 10px 10px; float: right; cursor: pointer; width: 165px; height: 125px;\" src=\"http:\/\/www.gd.se\/uploaded\/image\/2005\/2\/24\/D=d_polis.jpg\" alt=\"\" border=\"0\" \/><\/a>S\u00e5 har det h\u00e4nt. Ett g\u00e4ng slynglar har best\u00e4mt sig f\u00f6r att bekr\u00e4fta sig sj\u00e4lva genom att kolorera fasaden till hyresr\u00e4ttshuset d\u00e4r jag bor. N\u00e5gra handledsr\u00f6relser med en sprejburk och s\u00e5 finns pseudonymet till n\u00e5gon ung sj\u00e4l att besk\u00e5da strax nedanf\u00f6r mitt f\u00f6nster. Den annars persikof\u00e4rgade fastigheten har nu kompletterats med slarvigt hafsverk i r\u00f6tt, bl\u00e5tt och svart. Det \u00e4r en lite m\u00e4rklig k\u00e4nsla som infinner sig. F\u00f6rst ilska blandat med k\u00e4nslan av att k\u00e4nna sig en smula kr\u00e4nkt och provocerad. Med vilken r\u00e4tt kan man klottra ner den yttre delen av m\u00e4nniskors l\u00e4genheter? Sedan &#8211; efter att den v\u00e4rsta indignationen svalnat &#8211; funderar man mer eller mindre f\u00f6rstr\u00f6tt p\u00e5 hur man m\u00e5r om man smyger sig ut sent p\u00e5 natten och best\u00e4mmer sig f\u00f6r att s\u00f6ka f\u00f6rstora sitt eget ego via fasadm\u00e5lningar. Vad har man f\u00f6r sj\u00e4lvf\u00f6rtroende &#8211; och vem lyssnar &#8211; n\u00e4r klotter framst\u00e5r som en rimlig v\u00e4g?<\/p>\n<p>Jag gillade definitivt fasadf\u00e4rgens enhetliga f\u00e4rg b\u00e4ttre \u00e4n de fula s\u00e5r som sprejandet rivit upp. Samtidigt t\u00e4nker jag p\u00e5 alla kids som brinner f\u00f6r <a href=\"http:\/\/sv.wikipedia.org\/wiki\/Graffiti\">grafitti<\/a>, det vill s\u00e4ga laglig konstut\u00f6vning. Unga konstn\u00e4rer vars konstform devalveras varje g\u00e5ng n\u00e5gon best\u00e4mmer sig f\u00f6r att klottra. F\u00f6r hur kul kan det egentligen vara att st\u00e4ndigt sammanblandas med klottrande snorvalpar? Min mening \u00e4r att vi b\u00e4st bek\u00e4mpar klotter &#8211; och andra brottsliga handlingar med f\u00f6r den delen &#8211; genom att samh\u00e4llet tar unga m\u00e4nniskor p\u00e5 allvar och inte daltar. Varken reinfeldtsk batongpolitik eller v\u00e4nsterflum kommer l\u00f6sa brottsbanans gordiska knut. P\u00e5 mer \u00e4n ett s\u00e4tt \u00e4r tagsen mot en solbestr\u00f6dd persikofond en signal och \u00f6nskan om att uppm\u00e4rksammas och lyssnas till. Men utan den inte s\u00e4llan obligatoriska naiviteten som infinner sig; brottsliga handlingar ska bestraffas. D\u00e4rf\u00f6r \u00e4r lagliga v\u00e4ggar, ungdomsg\u00e5rdar och seri\u00f6s brottsbek\u00e4mpning mellan polis, skola, civilsamh\u00e4lle och f\u00f6r\u00e4ldrar alla oumb\u00e4rliga komponenter mot ett samh\u00e4lle som rymmer tolerans och respekt. Och g\u00e4rna utan klotter.<\/p>\n","protected":false},"excerpt":{"rendered":"<p>S\u00e5 har det h\u00e4nt. Ett g\u00e4ng slynglar har best\u00e4mt sig f\u00f6r att bekr\u00e4fta sig sj\u00e4lva genom att kolorera fasaden till hyresr\u00e4ttshuset d\u00e4r jag bor. N\u00e5gra handledsr\u00f6relser med en sprejburk och s\u00e5 finns pseudonymet till n\u00e5gon ung sj\u00e4l att besk\u00e5da strax nedanf\u00f6r mitt f\u00f6nster. Den annars persikof\u00e4rgade fastigheten har nu kompletterats med slarvigt hafsverk i r\u00f6tt, bl\u00e5tt och svart. Det \u00e4r en lite m\u00e4rklig k\u00e4nsla som infinner sig. F\u00f6rst ilska blandat med k\u00e4nslan av att k\u00e4nna sig en smula kr\u00e4nkt och provocerad. Med vilken r\u00e4tt kan man klottra ner den yttre delen av m\u00e4nniskors l\u00e4genheter? Sedan &#8211; efter att den v\u00e4rsta indignationen svalnat &#8211; funderar man mer eller mindre f\u00f6rstr\u00f6tt p\u00e5 hur man m\u00e5r om man smyger sig ut sent p\u00e5 natten och best\u00e4mmer sig f\u00f6r att s\u00f6ka f\u00f6rstora sitt eget ego via fasadm\u00e5lningar. Vad har man f\u00f6r sj\u00e4lvf\u00f6rtroende &#8211; och vem lyssnar &#8211; n\u00e4r klotter framst\u00e5r som en rimlig v\u00e4g?&hellip;<\/p>\n<p> <a class=\"more-link\" href=\"https:\/\/www.danielmathisen.com\/?p=14\">Read more<\/a><\/p>\n","protected":false},"author":1,"featured_media":0,"comment_status":"open","ping_status":"open","sticky":false,"template":"","format":"standard","meta":{"footnotes":""},"categories":[1],"tags":[],"_links":{"self":[{"href":"https:\/\/www.danielmathisen.com\/index.php?rest_route=\/wp\/v2\/posts\/14"}],"collection":[{"href":"https:\/\/www.danielmathisen.com\/index.php?rest_route=\/wp\/v2\/posts"}],"about":[{"href":"https:\/\/www.danielmathisen.com\/index.php?rest_route=\/wp\/v2\/types\/post"}],"author":[{"embeddable":true,"href":"https:\/\/www.danielmathisen.com\/index.php?rest_route=\/wp\/v2\/users\/1"}],"replies":[{"embeddable":true,"href":"https:\/\/www.danielmathisen.com\/index.php?rest_route=%2Fwp%2Fv2%2Fcomments&post=14"}],"version-history":[{"count":0,"href":"https:\/\/www.danielmathisen.com\/index.php?rest_route=\/wp\/v2\/posts\/14\/revisions"}],"wp:attachment":[{"href":"https:\/\/www.danielmathisen.com\/index.php?rest_route=%2Fwp%2Fv2%2Fmedia&parent=14"}],"wp:term":[{"taxonomy":"category","embeddable":true,"href":"https:\/\/www.danielmathisen.com\/index.php?rest_route=%2Fwp%2Fv2%2Fcategories&post=14"},{"taxonomy":"post_tag","embeddable":true,"href":"https:\/\/www.danielmathisen.com\/index.php?rest_route=%2Fwp%2Fv2%2Ftags&post=14"}],"curies":[{"name":"wp","href":"https:\/\/api.w.org\/{rel}","templated":true}]}}